{"provider_url": "https://www.lagoadaprata.mg.leg.br", "title": "C\u00e2mara Mirim Legislatura 2024", "html": "<p style=\"text-align: justify; \">\u00a0Durante a cerim\u00f4nia, participaram de uma capacita\u00e7\u00e3o sobre no\u00e7\u00f5es de Organiza\u00e7\u00e3o da Administra\u00e7\u00e3o P\u00fablica, com \u00eanfase no papel do Legislativo Municipal. Al\u00e9m disso, conheceram os vereadores e visitaram os setores administrativos da C\u00e2mara, onde tiveram a oportunidade de interagir com os servidores e receber orienta\u00e7\u00f5es sobre o funcionamento do Legislativo Municipal.</p>\r\n<p style=\"text-align: justify; \">\u00a0</p>\r\n<table class=\"plain\">\r\n<tbody>\r\n<tr>\r\n<td><img class=\"image-inline\" src=\"resolveuid/aa27e24ca4b847258fc8679b5ca901d8/@@images/image/mini\" /></td>\r\n<td>\r\n<p>\u00a0</p>\r\n<p>\u00a0Geovana das Gra\u00e7as Silva</p>\r\n<p>Escola Estadual Jos\u00e9 Teot\u00f4nio de Castro</p>\r\n</td>\r\n</tr>\r\n<tr>\r\n<td><img class=\"image-inline\" src=\"resolveuid/4932601d33174b34aac9040ad0bcd2d6/@@images/image/mini\" /></td>\r\n<td>\r\n<p>\u00a0</p>\r\n<p>Luis Ot\u00e1vio Tobias Oliveira</p>\r\n<p>Escola Estadual Virg\u00ednio Perillo</p>\r\n</td>\r\n</tr>\r\n<tr>\r\n<td><img class=\"image-inline\" src=\"resolveuid/1058f2127ada4631888d8d90ab811296/@@images/image/mini\" /></td>\r\n<td>\r\n<p>\u00a0</p>\r\n<p>Samuel Ravani Gonzaga e Castro</p>\r\n<p>Col\u00e9gio \u00c1guia de Prata</p>\r\n</td>\r\n</tr>\r\n<tr>\r\n<td><img class=\"image-inline\" src=\"resolveuid/903278c5bcb94ded937cbec350d4d06d/@@images/image/mini\" /></td>\r\n<td>\r\n<p>\u00a0</p>\r\n<p>Kiara Rafaela Neves</p>\r\n<p>Escola Estadual Monsenhor Alfredo Dohr</p>\r\n</td>\r\n</tr>\r\n<tr>\r\n<td><img class=\"image-inline\" src=\"resolveuid/bf0d2b6b8f03437b889ab7c71365a20f/@@images/image/mini\" /></td>\r\n<td>\r\n<p>\u00a0</p>\r\n<p>Caio Cardoso de Souza</p>\r\n<p>Escola Estadual Doutor Arnaldo de Faria Tavares</p>\r\n</td>\r\n</tr>\r\n<tr>\r\n<td><img class=\"image-inline\" src=\"resolveuid/264ae621fd11472ea35c8a7d325a36cb/@@images/image/mini\" /></td>\r\n<td>\r\n<p>\u00a0\u00a0</p>\r\n<p>Sarah Derkiam Pereira</p>\r\n<p>Escola Estadual Monsenhor Alfredo Dohr</p>\r\n</td>\r\n</tr>\r\n<tr>\r\n<td><img class=\"image-inline\" src=\"resolveuid/d68a87278ed34e88a3e3cfee707722d0/@@images/image/mini\" /></td>\r\n<td>\r\n<p>\u00a0</p>\r\n<p>Davi Henrique Mariano de Almeida</p>\r\n<p>Escola Estadual Helena Aparecida</p>\r\n</td>\r\n</tr>\r\n<tr>\r\n<td><img class=\"image-inline\" src=\"resolveuid/aca0023547364fe3b0bc8e02403e4344/@@images/image/mini\" /></td>\r\n<td>\r\n<p>\u00a0</p>\r\n<p>\u00a0Eduarda Helen Diniz Moura</p>\r\n<p>Escola Estadual Jos\u00e9 Teot\u00f4nio de Castro</p>\r\n</td>\r\n</tr>\r\n<tr>\r\n<td><img class=\"image-inline\" src=\"resolveuid/ab11da5e8a654034bd10409a4f5f2718/@@images/image/mini\" /></td>\r\n<td>\r\n<p>\u00a0</p>\r\n<p>Fernando de Paula Oliveira</p>\r\n<p>Associa\u00e7\u00e3o de Pais e Amigos dos Excepcionais - APAE</p>\r\n</td>\r\n</tr>\r\n</tbody>\r\n</table>", "author_name": "", "version": "1.0", "author_url": "https://www.lagoadaprata.mg.leg.br/author/editor", "provider_name": "C\u00e2mara Municipal de Lagoa da Prata", "type": "rich"}