{"provider_url": "https://www.lagoadaprata.mg.leg.br", "title": "NOTA DE ESCLARECIMENTO", "html": "<p align=\"center\" class=\"western\" style=\"text-align: justify; \"><span><span>A C\u00e2mara Municipal de Lagoa da Prata informa que </span></span><b><span>N\u00c3O</span></b><b> FOI APROVADO NENHUM PROJETO DE LEI CONCEDENDO AUMENTO PARA OS VEREADORES.</b> </p>\r\n<p align=\"justify\" class=\"western\" style=\"text-align: justify; \">N\u00e3o podemos confundir a revis\u00e3o aprovada para os SERVIDORES P\u00daBLICOS MUNICIPAIS com a revis\u00e3o para os Agentes Pol\u00edticos (Prefeito, Vice-Prefeito, Secret\u00e1rios e Vereadores). </p>\r\n<p align=\"justify\" class=\"western\" style=\"text-align: justify; \"><b>Os Projetos apro</b><b><span>vados </span></b><b><span>na </span></b><b><span>R</span></b><b><span>euni\u00e3o </span></b><b><span>E</span></b><b><span>xtraordin\u00e1ria</span></b><b><span> do dia </span></b><b><span>21/</span></b><span><span><span><span><b><span>01/2021 </span></b></span></span></span></span><b><span>se refer</span></b><b>em aos </b><b>S</b><b>ERVIDORES P\u00daBLICOS MUNICIPAIS.</b> </p>\r\n<p align=\"justify\" class=\"western\" style=\"text-align: justify; \">O Projeto de Lei que trata a respeito da Revis\u00e3o Geral Anual para o Prefeito, Vice-Prefeito, Secret\u00e1rios e Vereadores, ainda n\u00e3o passou pela delibera\u00e7\u00e3o do Plen\u00e1rio, considerando que sua vota\u00e7\u00e3o foi adiada para a pr\u00f3xima segunda-feira. </p>\r\n<p align=\"justify\" class=\"western\" style=\"text-align: justify; \">Assim, como houve o pedido de adiamento da vota\u00e7\u00e3o para a pr\u00f3xima reuni\u00e3o, SER\u00c1 APRESENTADO UM REQUERIMENTO SOLICITANDO A RETIRADA DO PROJETO. </p>\r\n<p align=\"center\" class=\"western\" style=\"text-align: justify; \">Portanto, <b>N\u00c3O HAVER\u00c1 REVIS\u00c3O NA REMUNERA\u00c7\u00c3O</b> dos Vereadores, Prefeito, Vice-Prefeito e Secret\u00e1rios. </p>\r\n<p align=\"center\" class=\"western\" style=\"text-align: center; \"><span>Lagoa da Prata, </span><span>23 de janeiro de 2021</span><span>.</span></p>\r\n<p align=\"center\" class=\"western\" style=\"text-align: justify; \"><img align=\"left\" height=\"353\" name=\"Figura2\" src=\"file:///C:/Users/CMARAM~1/AppData/Local/Temp/lu7676eavhxc.tmp/lu7676eavhxr_tmp_9a59d4800070f82b.png\" width=\"587\" /></p>\r\n<p align=\"justify\" class=\"western\" style=\"text-align: justify; \"><span><span><br /></span></span></p>", "author_name": "", "version": "1.0", "author_url": "https://www.lagoadaprata.mg.leg.br/author/rose", "provider_name": "C\u00e2mara Municipal de Lagoa da Prata", "type": "rich"}