{"provider_url": "https://www.lagoadaprata.mg.leg.br", "title": "Nota de Rep\u00fadio", "html": "<p align=\"center\" style=\"text-align: justify; \"><span>\u00a0 \u00a0 \u00a0 \u00a0 \u00a0 \u00a0 Como Poder Legislativo Municipal, composto por nove Vereadores eleitos pelo povo, de forma democr\u00e1tica, onde suas decis\u00f5es s\u00e3o tomadas pela maioria de votos e sempre respeitadas por todos, cumprindo-se assim o determinado pela Constitui\u00e7\u00e3o da Rep\u00fablica, em obedi\u00eancia ao Estado Democr\u00e1tico de Direito, n\u00e3o podemos concordar com qualquer atividade ou manifesta\u00e7\u00e3o que v\u00e1 contra a Democracia, contra o Estado Democr\u00e1tico de Direito, ou que possa ferir a honra das pessoas ou at\u00e9 mesmo atrapalhar seus neg\u00f3cios, por raz\u00f5es pol\u00edticas, pois isso pode refletir de forma negativa na economia do Munic\u00edpio como um todo.</span></p>\r\n<p style=\"text-align: justify; \">\u00a0</p>\r\n<p style=\"text-align: justify; \">\u00a0\u00a0\u00a0\u00a0\u00a0\u00a0\u00a0\u00a0\u00a0\u00a0\u00a0 Um dos elementos substanciais da democracia \u00e9 a preval\u00eancia da vontade do povo sobre a de qualquer indiv\u00edduo ou grupo. Portanto, o respeito \u00e0s leis, \u00e0 Constitui\u00e7\u00e3o, \u00e0 vontade da maioria deve sempre permanecer em nosso meio para que haja liberdade, ordem e paz para toda popula\u00e7\u00e3o. Pode haver discord\u00e2ncia, mas desrespeito jamais.</p>\r\n<p style=\"text-align: justify; \">\u00a0</p>\r\n<p style=\"text-align: justify; \">\u00a0\u00a0\u00a0\u00a0\u00a0\u00a0\u00a0\u00a0\u00a0\u00a0\u00a0 A C\u00e2mara Municipal se solidariza com as pessoas que tiveram sua honra ofendida pelo fato j\u00e1 mencionado.</p>\r\n<p style=\"text-align: justify; \">\u00a0</p>\r\n<p style=\"text-align: justify; \">\u00a0\u00a0\u00a0\u00a0\u00a0\u00a0\u00a0\u00a0\u00a0\u00a0\u00a0 Assim, ratificamos nosso rep\u00fadio a atos ou manifesta\u00e7\u00f5es que venham a ferir o Estado Democr\u00e1tico de Direito, a Democracia, como a veicula\u00e7\u00e3o de lista da natureza daquela j\u00e1 citada nesta nota!</p>\r\n<p style=\"text-align: justify; \">\u00a0</p>\r\n<p align=\"center\" style=\"text-align: justify; \">\u00a0</p>\r\n<p align=\"center\" style=\"text-align: justify; \"><b>CAROLINE DE CARVALHO CASTRO</b></p>\r\n<p align=\"center\" style=\"text-align: justify; \"><b>Presidente</b></p>\r\n<p style=\"text-align: justify; \">\u00a0</p>\r\n<p style=\"text-align: justify; \">\u00a0\u00a0\u00a0\u00a0\u00a0\u00a0\u00a0\u00a0\u00a0\u00a0\u00a0</p>\r\n<p style=\"text-align: justify; \">\u00a0</p>\r\n<p style=\"text-align: justify; \">\u00a0\u00a0\u00a0\u00a0\u00a0\u00a0\u00a0\u00a0\u00a0\u00a0\u00a0</p>", "author_name": "", "version": "1.0", "author_url": "https://www.lagoadaprata.mg.leg.br/author/editor", "provider_name": "C\u00e2mara Municipal de Lagoa da Prata", "type": "rich"}